{"id":2878,"date":"2026-01-22T11:10:05","date_gmt":"2026-01-22T10:10:05","guid":{"rendered":"https:\/\/caroccitan.fr\/web\/?p=2878"},"modified":"2026-01-22T11:20:35","modified_gmt":"2026-01-22T10:20:35","slug":"sortie-en-cerdagne-14-15","status":"publish","type":"post","link":"https:\/\/caroccitan.fr\/web\/sortie-en-cerdagne-14-15\/","title":{"rendered":"Sortie en Cerdagne 14-16 MAI 2026"},"content":{"rendered":"<p><strong>Sortie en Cerdagne:<\/strong><br \/>\nLe programme (trajets aller et retour, repas, visites&#8230;) sera \u00e9labor\u00e9 prochainement. En ce qui concerne les 2 repas du soir, il y a une salle \u00e0 notre disposition au parc r\u00e9sidentiel. Nous pourrons commander des plats chauds chez le charcutier-traiteur qui se trouve au village. Nous sommes 19 inscrits (Jean BALAZARD : 1,Philippe BERTHELOT : 1, Michel BIBAL : 2, Roger BUFFEL : 2, Vincent CARIA: 2, Jean-Claude CAYLA : 2, Philippe DUBREUIL : 2, Jean-Louis FRAYSSE : 2, Jean-Jacques LHERM : 2, ChristianPERES : 1, Jean-Claude PIGOT : 2).<br \/>\n3 chalets sont r\u00e9serv\u00e9s au parc r\u00e9sidentiel <a href=\"https:\/\/www.elpastural.com\/\" target=\"_blank\" rel=\"noopener\">EL PASTURAL<\/a>, \u00e0 <a href=\"https:\/\/communeactu.fr\/actus\/occitanie\/pyrenees-orientales\/err\/mairie-d-err\" target=\"_blank\" rel=\"noopener\">ERR (66)<\/a>, ce qui permet 23 couchages au maximum. 4 participants suppl\u00e9mentaires peuvent donc s&#8217;ajouter \u00e0 cette Sortie en Cerdagne\u00a0 : <strong>faites-vous connaitre le plus vite possible<\/strong>.<br \/>\nLa location pour les 3 chalets nous co\u00fbtera 845\u20ac, ce qui fera 45\u20ac par personne pour les 2 nuits (hors consommation \u00e9lectrique), voire un peu moins si nous sommes plus de 19&#8230; Pr\u00e9voir 50\u20ac par personne en tout pour l&#8217;h\u00e9bergement.<br \/>\nPour plus de renseignements: <a href=\"mailto:jj.lherm@gmail.com\">jj.lherm@gmail.com<\/a>, 06.26.92.65.17<\/p>\n","protected":false},"excerpt":{"rendered":"<p>Sortie en Cerdagne: Le programme (trajets aller et retour, repas, visites&#8230;) sera \u00e9labor\u00e9 prochainement. En ce qui concerne les 2 repas du soir, il y a une salle \u00e0 notre disposition au parc r\u00e9sidentiel. Nous pourrons commander des plats chauds chez le charcutier-traiteur qui se trouve au village. Nous sommes 19 inscrits (Jean BALAZARD : [&hellip;]<\/p>\n","protected":false},"author":2,"featured_media":3820,"comment_status":"closed","ping_status":"closed","sticky":false,"template":"","format":"standard","meta":{"footnotes":""},"categories":[28],"tags":[],"yoast_head":"<!-- This site is optimized with the Yoast SEO plugin v20.4 - https:\/\/yoast.com\/wordpress\/plugins\/seo\/ -->\n<title>Sortie en Cerdagne 14-16 MAI 2026 -<\/title>\n<meta name=\"description\" content=\"Sortie en Cerdagne:Le programme (trajets aller et retour, repas, visites...) sera \u00e9labor\u00e9 prochainement. En ce qui concerne les 2 repas...\" \/>\n<meta name=\"robots\" content=\"index, follow, max-snippet:-1, max-image-preview:large, max-video-preview:-1\" \/>\n<link rel=\"canonical\" href=\"https:\/\/caroccitan.fr\/web\/sortie-en-cerdagne-14-15\/\" \/>\n<meta property=\"og:locale\" content=\"fr_FR\" \/>\n<meta property=\"og:type\" content=\"article\" \/>\n<meta property=\"og:title\" content=\"Sortie en Cerdagne 14-16 MAI 2026 -\" \/>\n<meta property=\"og:description\" content=\"Sortie en Cerdagne:Le programme (trajets aller et retour, repas, visites...) sera \u00e9labor\u00e9 prochainement. En ce qui concerne les 2 repas...\" \/>\n<meta property=\"og:url\" content=\"https:\/\/caroccitan.fr\/web\/sortie-en-cerdagne-14-15\/\" \/>\n<meta property=\"og:site_name\" content=\"C.A.R Occitan\" \/>\n<meta property=\"article:published_time\" content=\"2026-01-22T10:10:05+00:00\" \/>\n<meta property=\"article:modified_time\" content=\"2026-01-22T10:20:35+00:00\" \/>\n<meta property=\"og:image\" content=\"https:\/\/caroccitan.fr\/web\/wp-content\/uploads\/2025\/02\/Err_021.jpg\" \/>\n\t<meta property=\"og:image:width\" content=\"1200\" \/>\n\t<meta property=\"og:image:height\" content=\"900\" \/>\n\t<meta property=\"og:image:type\" content=\"image\/jpeg\" \/>\n<meta name=\"author\" content=\"CAR OCCITAN\" \/>\n<meta name=\"twitter:card\" content=\"summary_large_image\" \/>\n<meta name=\"twitter:label1\" content=\"\u00c9crit par\" \/>\n\t<meta name=\"twitter:data1\" content=\"CAR OCCITAN\" \/>\n\t<meta name=\"twitter:label2\" content=\"Dur\u00e9e de lecture estim\u00e9e\" \/>\n\t<meta name=\"twitter:data2\" content=\"1 minute\" \/>\n<script type=\"application\/ld+json\" class=\"yoast-schema-graph\">{\"@context\":\"https:\/\/schema.org\",\"@graph\":[{\"@type\":\"Article\",\"@id\":\"https:\/\/caroccitan.fr\/web\/sortie-en-cerdagne-14-15\/#article\",\"isPartOf\":{\"@id\":\"https:\/\/caroccitan.fr\/web\/sortie-en-cerdagne-14-15\/\"},\"author\":{\"name\":\"CAR OCCITAN\",\"@id\":\"https:\/\/caroccitan.fr\/web\/#\/schema\/person\/9a3947fd70a8a7740c3df7edc32dc06b\"},\"headline\":\"Sortie en Cerdagne 14-16 MAI 2026\",\"datePublished\":\"2026-01-22T10:10:05+00:00\",\"dateModified\":\"2026-01-22T10:20:35+00:00\",\"mainEntityOfPage\":{\"@id\":\"https:\/\/caroccitan.fr\/web\/sortie-en-cerdagne-14-15\/\"},\"wordCount\":155,\"publisher\":{\"@id\":\"https:\/\/caroccitan.fr\/web\/#organization\"},\"articleSection\":[\"Actualit\u00e9s\"],\"inLanguage\":\"fr-FR\"},{\"@type\":\"WebPage\",\"@id\":\"https:\/\/caroccitan.fr\/web\/sortie-en-cerdagne-14-15\/\",\"url\":\"https:\/\/caroccitan.fr\/web\/sortie-en-cerdagne-14-15\/\",\"name\":\"Sortie en Cerdagne 14-16 MAI 2026 -\",\"isPartOf\":{\"@id\":\"https:\/\/caroccitan.fr\/web\/#website\"},\"datePublished\":\"2026-01-22T10:10:05+00:00\",\"dateModified\":\"2026-01-22T10:20:35+00:00\",\"description\":\"Sortie en Cerdagne:Le programme (trajets aller et retour, repas, visites...) sera \u00e9labor\u00e9 prochainement. En ce qui concerne les 2 repas...\",\"breadcrumb\":{\"@id\":\"https:\/\/caroccitan.fr\/web\/sortie-en-cerdagne-14-15\/#breadcrumb\"},\"inLanguage\":\"fr-FR\",\"potentialAction\":[{\"@type\":\"ReadAction\",\"target\":[\"https:\/\/caroccitan.fr\/web\/sortie-en-cerdagne-14-15\/\"]}]},{\"@type\":\"BreadcrumbList\",\"@id\":\"https:\/\/caroccitan.fr\/web\/sortie-en-cerdagne-14-15\/#breadcrumb\",\"itemListElement\":[{\"@type\":\"ListItem\",\"position\":1,\"name\":\"Accueil\",\"item\":\"https:\/\/caroccitan.fr\/web\/\"},{\"@type\":\"ListItem\",\"position\":2,\"name\":\"Sortie en Cerdagne 14-16 MAI 2026\"}]},{\"@type\":\"WebSite\",\"@id\":\"https:\/\/caroccitan.fr\/web\/#website\",\"url\":\"https:\/\/caroccitan.fr\/web\/\",\"name\":\"C.A.R Occitan\",\"description\":\"Club des  Amateurs d&#039;Anciennes Renault\",\"publisher\":{\"@id\":\"https:\/\/caroccitan.fr\/web\/#organization\"},\"potentialAction\":[{\"@type\":\"SearchAction\",\"target\":{\"@type\":\"EntryPoint\",\"urlTemplate\":\"https:\/\/caroccitan.fr\/web\/?s={search_term_string}\"},\"query-input\":\"required name=search_term_string\"}],\"inLanguage\":\"fr-FR\"},{\"@type\":\"Organization\",\"@id\":\"https:\/\/caroccitan.fr\/web\/#organization\",\"name\":\"CAR OCCITAN\",\"url\":\"https:\/\/caroccitan.fr\/web\/\",\"logo\":{\"@type\":\"ImageObject\",\"inLanguage\":\"fr-FR\",\"@id\":\"https:\/\/caroccitan.fr\/web\/#\/schema\/logo\/image\/\",\"url\":\"https:\/\/caroccitan.fr\/web\/wp-content\/uploads\/2018\/02\/historique1.jpg\",\"contentUrl\":\"https:\/\/caroccitan.fr\/web\/wp-content\/uploads\/2018\/02\/historique1.jpg\",\"width\":150,\"height\":152,\"caption\":\"CAR OCCITAN\"},\"image\":{\"@id\":\"https:\/\/caroccitan.fr\/web\/#\/schema\/logo\/image\/\"}},{\"@type\":\"Person\",\"@id\":\"https:\/\/caroccitan.fr\/web\/#\/schema\/person\/9a3947fd70a8a7740c3df7edc32dc06b\",\"name\":\"CAR OCCITAN\",\"image\":{\"@type\":\"ImageObject\",\"inLanguage\":\"fr-FR\",\"@id\":\"https:\/\/caroccitan.fr\/web\/#\/schema\/person\/image\/\",\"url\":\"https:\/\/secure.gravatar.com\/avatar\/616184dd57d687535309195fb9407c5f?s=96&d=mm&r=g\",\"contentUrl\":\"https:\/\/secure.gravatar.com\/avatar\/616184dd57d687535309195fb9407c5f?s=96&d=mm&r=g\",\"caption\":\"CAR OCCITAN\"}}]}<\/script>\n<!-- \/ Yoast SEO plugin. -->","yoast_head_json":{"title":"Sortie en Cerdagne 14-16 MAI 2026 -","description":"Sortie en Cerdagne:Le programme (trajets aller et retour, repas, visites...) sera \u00e9labor\u00e9 prochainement. En ce qui concerne les 2 repas...","robots":{"index":"index","follow":"follow","max-snippet":"max-snippet:-1","max-image-preview":"max-image-preview:large","max-video-preview":"max-video-preview:-1"},"canonical":"https:\/\/caroccitan.fr\/web\/sortie-en-cerdagne-14-15\/","og_locale":"fr_FR","og_type":"article","og_title":"Sortie en Cerdagne 14-16 MAI 2026 -","og_description":"Sortie en Cerdagne:Le programme (trajets aller et retour, repas, visites...) sera \u00e9labor\u00e9 prochainement. En ce qui concerne les 2 repas...","og_url":"https:\/\/caroccitan.fr\/web\/sortie-en-cerdagne-14-15\/","og_site_name":"C.A.R Occitan","article_published_time":"2026-01-22T10:10:05+00:00","article_modified_time":"2026-01-22T10:20:35+00:00","og_image":[{"width":1200,"height":900,"url":"https:\/\/caroccitan.fr\/web\/wp-content\/uploads\/2025\/02\/Err_021.jpg","type":"image\/jpeg"}],"author":"CAR OCCITAN","twitter_card":"summary_large_image","twitter_misc":{"\u00c9crit par":"CAR OCCITAN","Dur\u00e9e de lecture estim\u00e9e":"1 minute"},"schema":{"@context":"https:\/\/schema.org","@graph":[{"@type":"Article","@id":"https:\/\/caroccitan.fr\/web\/sortie-en-cerdagne-14-15\/#article","isPartOf":{"@id":"https:\/\/caroccitan.fr\/web\/sortie-en-cerdagne-14-15\/"},"author":{"name":"CAR OCCITAN","@id":"https:\/\/caroccitan.fr\/web\/#\/schema\/person\/9a3947fd70a8a7740c3df7edc32dc06b"},"headline":"Sortie en Cerdagne 14-16 MAI 2026","datePublished":"2026-01-22T10:10:05+00:00","dateModified":"2026-01-22T10:20:35+00:00","mainEntityOfPage":{"@id":"https:\/\/caroccitan.fr\/web\/sortie-en-cerdagne-14-15\/"},"wordCount":155,"publisher":{"@id":"https:\/\/caroccitan.fr\/web\/#organization"},"articleSection":["Actualit\u00e9s"],"inLanguage":"fr-FR"},{"@type":"WebPage","@id":"https:\/\/caroccitan.fr\/web\/sortie-en-cerdagne-14-15\/","url":"https:\/\/caroccitan.fr\/web\/sortie-en-cerdagne-14-15\/","name":"Sortie en Cerdagne 14-16 MAI 2026 -","isPartOf":{"@id":"https:\/\/caroccitan.fr\/web\/#website"},"datePublished":"2026-01-22T10:10:05+00:00","dateModified":"2026-01-22T10:20:35+00:00","description":"Sortie en Cerdagne:Le programme (trajets aller et retour, repas, visites...) sera \u00e9labor\u00e9 prochainement. En ce qui concerne les 2 repas...","breadcrumb":{"@id":"https:\/\/caroccitan.fr\/web\/sortie-en-cerdagne-14-15\/#breadcrumb"},"inLanguage":"fr-FR","potentialAction":[{"@type":"ReadAction","target":["https:\/\/caroccitan.fr\/web\/sortie-en-cerdagne-14-15\/"]}]},{"@type":"BreadcrumbList","@id":"https:\/\/caroccitan.fr\/web\/sortie-en-cerdagne-14-15\/#breadcrumb","itemListElement":[{"@type":"ListItem","position":1,"name":"Accueil","item":"https:\/\/caroccitan.fr\/web\/"},{"@type":"ListItem","position":2,"name":"Sortie en Cerdagne 14-16 MAI 2026"}]},{"@type":"WebSite","@id":"https:\/\/caroccitan.fr\/web\/#website","url":"https:\/\/caroccitan.fr\/web\/","name":"C.A.R Occitan","description":"Club des  Amateurs d&#039;Anciennes Renault","publisher":{"@id":"https:\/\/caroccitan.fr\/web\/#organization"},"potentialAction":[{"@type":"SearchAction","target":{"@type":"EntryPoint","urlTemplate":"https:\/\/caroccitan.fr\/web\/?s={search_term_string}"},"query-input":"required name=search_term_string"}],"inLanguage":"fr-FR"},{"@type":"Organization","@id":"https:\/\/caroccitan.fr\/web\/#organization","name":"CAR OCCITAN","url":"https:\/\/caroccitan.fr\/web\/","logo":{"@type":"ImageObject","inLanguage":"fr-FR","@id":"https:\/\/caroccitan.fr\/web\/#\/schema\/logo\/image\/","url":"https:\/\/caroccitan.fr\/web\/wp-content\/uploads\/2018\/02\/historique1.jpg","contentUrl":"https:\/\/caroccitan.fr\/web\/wp-content\/uploads\/2018\/02\/historique1.jpg","width":150,"height":152,"caption":"CAR OCCITAN"},"image":{"@id":"https:\/\/caroccitan.fr\/web\/#\/schema\/logo\/image\/"}},{"@type":"Person","@id":"https:\/\/caroccitan.fr\/web\/#\/schema\/person\/9a3947fd70a8a7740c3df7edc32dc06b","name":"CAR OCCITAN","image":{"@type":"ImageObject","inLanguage":"fr-FR","@id":"https:\/\/caroccitan.fr\/web\/#\/schema\/person\/image\/","url":"https:\/\/secure.gravatar.com\/avatar\/616184dd57d687535309195fb9407c5f?s=96&d=mm&r=g","contentUrl":"https:\/\/secure.gravatar.com\/avatar\/616184dd57d687535309195fb9407c5f?s=96&d=mm&r=g","caption":"CAR OCCITAN"}}]}},"_links":{"self":[{"href":"https:\/\/caroccitan.fr\/web\/wp-json\/wp\/v2\/posts\/2878"}],"collection":[{"href":"https:\/\/caroccitan.fr\/web\/wp-json\/wp\/v2\/posts"}],"about":[{"href":"https:\/\/caroccitan.fr\/web\/wp-json\/wp\/v2\/types\/post"}],"author":[{"embeddable":true,"href":"https:\/\/caroccitan.fr\/web\/wp-json\/wp\/v2\/users\/2"}],"replies":[{"embeddable":true,"href":"https:\/\/caroccitan.fr\/web\/wp-json\/wp\/v2\/comments?post=2878"}],"version-history":[{"count":17,"href":"https:\/\/caroccitan.fr\/web\/wp-json\/wp\/v2\/posts\/2878\/revisions"}],"predecessor-version":[{"id":2881,"href":"https:\/\/caroccitan.fr\/web\/wp-json\/wp\/v2\/posts\/2878\/revisions\/2881"}],"wp:featuredmedia":[{"embeddable":true,"href":"https:\/\/caroccitan.fr\/web\/wp-json\/wp\/v2\/media\/3820"}],"wp:attachment":[{"href":"https:\/\/caroccitan.fr\/web\/wp-json\/wp\/v2\/media?parent=2878"}],"wp:term":[{"taxonomy":"category","embeddable":true,"href":"https:\/\/caroccitan.fr\/web\/wp-json\/wp\/v2\/categories?post=2878"},{"taxonomy":"post_tag","embeddable":true,"href":"https:\/\/caroccitan.fr\/web\/wp-json\/wp\/v2\/tags?post=2878"}],"curies":[{"name":"wp","href":"https:\/\/api.w.org\/{rel}","templated":true}]}}