{"id":2764,"date":"2026-01-22T11:34:35","date_gmt":"2026-01-22T10:34:35","guid":{"rendered":"https:\/\/caroccitan.fr\/web\/?p=2764"},"modified":"2026-01-22T11:39:02","modified_gmt":"2026-01-22T10:39:02","slug":"samedi-2-mai-sortie-de-printemps","status":"publish","type":"post","link":"https:\/\/caroccitan.fr\/web\/samedi-2-mai-sortie-de-printemps\/","title":{"rendered":"Samedi 2 et Dimanche 3 Mai 2026"},"content":{"rendered":"<p><strong>SORTIE DE PRINTEMPS, les 2 &amp; 3 mai: <\/strong><\/p>\n<p>Comme c&#8217;est de coutume depuis quelques ann\u00e9es, cette sortie se divisera en deux temps:<br \/>\nLe Samedi 2 mai entre nous et le Dimanche 3 mai avec l&#8217;Auto R\u00e9tro Aveyronnais pour sa traditionnelle sortie de printemps.<br \/>\nDans un souci d&#8217;organisation (restaurant, h\u00f4tel), il est important de <strong>savoir le plus rapidement possible<\/strong> qui serait int\u00e9ress\u00e9 par cette sortie. Pour plus de renseignements: 07.86.09.74.15 ou <a href=\"mailto:michel.bibal1953@orange.fr\" target=\"_blank\" rel=\"noopener\">michel.bibal1953@orange.fr<\/a>.<br \/>\nChacun est libre de participer \u00e0 l&#8217;ensemble du week-end ou \u00e0 l&#8217;une ou l&#8217;autre des deux journ\u00e9es.<\/p>\n<p>. Comme plusieurs ann\u00e9es, Michel BIBAL nous pr\u00e9pare un programme pour le samedi 2 mai avec une nuit \u00e0 l&#8217;h\u00f4tel \u00e0 Millau. Le point de ralliement sera \u00e0 9h au parking du centre Leclerc de Castres. R\u00e9servez la date !<\/p>\n<p><strong>Itin\u00e9raire :<\/strong><br \/>\n\u20228h15 Rendez-vous sur le parking de la JARDINERIE TARNAISE, rond-point de Larquipeyre (route de Carmaux) \u00e0 Albi. D\u00e9part \u00e0 8h30 pr\u00e9cises.<br \/>\n\u202210h15 : arriv\u00e9e \u00e0 LAGUIOLE o\u00f9 on se divisera en deux groupes :&gt; visite libre du village (demi-heure) + visite gratuite de la coutellerie Beno\u00eet l&#8217;Artisan 21, all\u00e9ede l&#8217;Amicale (demi-heure)&gt; visite gratuite de la coutellerie Beno\u00eet l&#8217;Artisan 21, all\u00e9e de l&#8217;Amicale (demi-heure) + visite libre du village (demi-heure)<br \/>\n\u202211h30 : d\u00e9part pour le Buron des Bouals, \u00e0 AUBRAC (entre St Ch\u00e9ly-d&#8217;Aubrac et Nasbinals) :<br \/>\n\u202212h15 pr\u00e9cises: on assistera \u00e0 la fabrication de l&#8217;aligot<br \/>\n\u202212h30: repas au buron: <strong>2 MENUS AU CHOIX<\/strong> (\u00e0 r\u00e9gler sur place en esp\u00e8ces ou par ch\u00e8que): Entr\u00e9e, aligot, saucisse, dessert: 25 \u20ac (ap\u00e9ro, vin et caf\u00e9 compris) ou entr\u00e9e, aligot, pav\u00e9 de b\u0153uf, dessert: 30 \u20ac (ap\u00e9ro, vin et caf\u00e9 compris).<br \/>\n\u202214h: d\u00e9part pour MILLAU par Nasbinals, la cascade du D\u00e9roc, le ch\u00e2teau de La Baume \u00e0Prinsuejols(48) baptis\u00e9 \u00abLe petit Versailles du G\u00e9vaudan\u00bb) le lac du Moulinet \u00e0 Le Buisson (48), LaCanourgue (48) et Le Rozier (48)<\/p>\n<p>\u202218h: installation \u00e0 l&#8217;hotel sur Millau.<\/p>\n<p><strong>H\u00e9bergement :<\/strong><br \/>\n\u00c0 la charge de chaque participant. H\u00f4tel recommand\u00e9 : <strong>H\u00d4TEL CAMPANILE accessible avec 10% de r\u00e9duction avec le parrainage FFVE<\/strong> (code 121967 \u00e0 indiquer lors de la r\u00e9servation en ligne) + repas au restaurant.<br \/>\nChacun devra r\u00e9server sa chambre ! Pensez \u00e0 r\u00e9server rapidement ! Le lendemain, ceux qui le d\u00e9sirent pourront rejoindre l&#8217;ARA pour sa traditionnelle sortie de Printemps, le dimanche.<br \/>\nMichel BIBAL se chargera de collecter les inscriptions, r\u00e9server la visite de la coutellerie et commander les repas au Buron des Bouals (: 07.86.09.74.15, <a href=\"mailto:michel.bibal1953@orange.fr\" target=\"_blank\" rel=\"noopener\">michel.bibal1953@orange.fr)<\/a><\/p>\n<p><strong>Dimanche 4 Mai:\u00a0 <\/strong><strong>S<\/strong><strong>ortie de printemps, dans le sud Aveyron<\/strong><strong><br \/>\n<\/strong><strong>Organisation:<\/strong><strong><a href=\"https:\/\/www.autoretro-aveyronnais.fr\/\" target=\"_blank\" rel=\"noopener\"> Auto R\u00e9tro Aveyronnais <img loading=\"lazy\" decoding=\"async\" class=\"alignnone wp-image-1726\" src=\"https:\/\/caroccitan.fr\/web\/wp-content\/uploads\/2018\/03\/ARA-210x300.jpg\" alt=\"\" width=\"31\" height=\"44\" \/><\/a><\/strong><\/p>\n<p>l\u2019ARA nous invite \u00e0 participer \u00e0 sa\u00a0 traditionnelle sortie de printemps dans le sud de l\u2019Aveyron.<\/p>\n<p>Nous rejoindrons l&#8217;ARA \u00e0 9h \u00e0 Millau pour participer \u00e0 la sortie de printemps entre Grands Causses et C\u00e9vennes. Programme complet et inscription: <a href=\"https:\/\/caroccitan.fr\/web\/wp-content\/uploads\/2026\/01\/2026-05-03-sortie-de-printemps-ARA.pdf\" target=\"_blank\" rel=\"noopener\"><strong>CLIQUEZ ICI<\/strong><\/a>.<\/p>\n","protected":false},"excerpt":{"rendered":"<p>SORTIE DE PRINTEMPS, les 2 &amp; 3 mai: Comme c&#8217;est de coutume depuis quelques ann\u00e9es, cette sortie se divisera en deux temps: Le Samedi 2 mai entre nous et le Dimanche 3 mai avec l&#8217;Auto R\u00e9tro Aveyronnais pour sa traditionnelle sortie de printemps. Dans un souci d&#8217;organisation (restaurant, h\u00f4tel), il est important de savoir le [&hellip;]<\/p>\n","protected":false},"author":2,"featured_media":3519,"comment_status":"closed","ping_status":"closed","sticky":false,"template":"","format":"standard","meta":{"footnotes":""},"categories":[28],"tags":[],"yoast_head":"<!-- This site is optimized with the Yoast SEO plugin v20.4 - https:\/\/yoast.com\/wordpress\/plugins\/seo\/ -->\n<title>Samedi 2 et Dimanche 3 Mai 2026 C.A.R Occitan Lisle sur Tarn<\/title>\n<meta name=\"description\" content=\"SORTIE DE PRINTEMPS, les 2 &amp; 3 mai :Comme c&#039;est de coutume depuis quelques ann\u00e9es, cette sortie se divisera en deux temps: Le Samedi 2 mai en\" \/>\n<meta name=\"robots\" content=\"index, follow, max-snippet:-1, max-image-preview:large, max-video-preview:-1\" \/>\n<link rel=\"canonical\" href=\"https:\/\/caroccitan.fr\/web\/samedi-2-mai-sortie-de-printemps\/\" \/>\n<meta property=\"og:locale\" content=\"fr_FR\" \/>\n<meta property=\"og:type\" content=\"article\" \/>\n<meta property=\"og:title\" content=\"Samedi 2 et Dimanche 3 Mai 2026 C.A.R Occitan Lisle sur Tarn\" \/>\n<meta property=\"og:description\" content=\"SORTIE DE PRINTEMPS, les 2 &amp; 3 mai :Comme c&#039;est de coutume depuis quelques ann\u00e9es, cette sortie se divisera en deux temps: Le Samedi 2 mai en\" \/>\n<meta property=\"og:url\" content=\"https:\/\/caroccitan.fr\/web\/samedi-2-mai-sortie-de-printemps\/\" \/>\n<meta property=\"og:site_name\" content=\"C.A.R Occitan\" \/>\n<meta property=\"article:published_time\" content=\"2026-01-22T10:34:35+00:00\" \/>\n<meta property=\"article:modified_time\" content=\"2026-01-22T10:39:02+00:00\" \/>\n<meta property=\"og:image\" content=\"https:\/\/caroccitan.fr\/web\/wp-content\/uploads\/2024\/04\/1024px-Falaises_dOlques.jpg\" \/>\n\t<meta property=\"og:image:width\" content=\"1024\" \/>\n\t<meta property=\"og:image:height\" content=\"683\" \/>\n\t<meta property=\"og:image:type\" content=\"image\/jpeg\" \/>\n<meta name=\"author\" content=\"CAR OCCITAN\" \/>\n<meta name=\"twitter:card\" content=\"summary_large_image\" \/>\n<meta name=\"twitter:label1\" content=\"\u00c9crit par\" \/>\n\t<meta name=\"twitter:data1\" content=\"CAR OCCITAN\" \/>\n\t<meta name=\"twitter:label2\" content=\"Dur\u00e9e de lecture estim\u00e9e\" \/>\n\t<meta name=\"twitter:data2\" content=\"3 minutes\" \/>\n<script type=\"application\/ld+json\" class=\"yoast-schema-graph\">{\"@context\":\"https:\/\/schema.org\",\"@graph\":[{\"@type\":\"Article\",\"@id\":\"https:\/\/caroccitan.fr\/web\/samedi-2-mai-sortie-de-printemps\/#article\",\"isPartOf\":{\"@id\":\"https:\/\/caroccitan.fr\/web\/samedi-2-mai-sortie-de-printemps\/\"},\"author\":{\"name\":\"CAR OCCITAN\",\"@id\":\"https:\/\/caroccitan.fr\/web\/#\/schema\/person\/9a3947fd70a8a7740c3df7edc32dc06b\"},\"headline\":\"Samedi 2 et Dimanche 3 Mai 2026\",\"datePublished\":\"2026-01-22T10:34:35+00:00\",\"dateModified\":\"2026-01-22T10:39:02+00:00\",\"mainEntityOfPage\":{\"@id\":\"https:\/\/caroccitan.fr\/web\/samedi-2-mai-sortie-de-printemps\/\"},\"wordCount\":454,\"publisher\":{\"@id\":\"https:\/\/caroccitan.fr\/web\/#organization\"},\"articleSection\":[\"Actualit\u00e9s\"],\"inLanguage\":\"fr-FR\"},{\"@type\":\"WebPage\",\"@id\":\"https:\/\/caroccitan.fr\/web\/samedi-2-mai-sortie-de-printemps\/\",\"url\":\"https:\/\/caroccitan.fr\/web\/samedi-2-mai-sortie-de-printemps\/\",\"name\":\"Samedi 2 et Dimanche 3 Mai 2026 C.A.R Occitan Lisle sur Tarn\",\"isPartOf\":{\"@id\":\"https:\/\/caroccitan.fr\/web\/#website\"},\"datePublished\":\"2026-01-22T10:34:35+00:00\",\"dateModified\":\"2026-01-22T10:39:02+00:00\",\"description\":\"SORTIE DE PRINTEMPS, les 2 & 3 mai :Comme c'est de coutume depuis quelques ann\u00e9es, cette sortie se divisera en deux temps: Le Samedi 2 mai en\",\"breadcrumb\":{\"@id\":\"https:\/\/caroccitan.fr\/web\/samedi-2-mai-sortie-de-printemps\/#breadcrumb\"},\"inLanguage\":\"fr-FR\",\"potentialAction\":[{\"@type\":\"ReadAction\",\"target\":[\"https:\/\/caroccitan.fr\/web\/samedi-2-mai-sortie-de-printemps\/\"]}]},{\"@type\":\"BreadcrumbList\",\"@id\":\"https:\/\/caroccitan.fr\/web\/samedi-2-mai-sortie-de-printemps\/#breadcrumb\",\"itemListElement\":[{\"@type\":\"ListItem\",\"position\":1,\"name\":\"Accueil\",\"item\":\"https:\/\/caroccitan.fr\/web\/\"},{\"@type\":\"ListItem\",\"position\":2,\"name\":\"Samedi 2 et Dimanche 3 Mai 2026\"}]},{\"@type\":\"WebSite\",\"@id\":\"https:\/\/caroccitan.fr\/web\/#website\",\"url\":\"https:\/\/caroccitan.fr\/web\/\",\"name\":\"C.A.R Occitan\",\"description\":\"Club des  Amateurs d&#039;Anciennes Renault\",\"publisher\":{\"@id\":\"https:\/\/caroccitan.fr\/web\/#organization\"},\"potentialAction\":[{\"@type\":\"SearchAction\",\"target\":{\"@type\":\"EntryPoint\",\"urlTemplate\":\"https:\/\/caroccitan.fr\/web\/?s={search_term_string}\"},\"query-input\":\"required name=search_term_string\"}],\"inLanguage\":\"fr-FR\"},{\"@type\":\"Organization\",\"@id\":\"https:\/\/caroccitan.fr\/web\/#organization\",\"name\":\"CAR OCCITAN\",\"url\":\"https:\/\/caroccitan.fr\/web\/\",\"logo\":{\"@type\":\"ImageObject\",\"inLanguage\":\"fr-FR\",\"@id\":\"https:\/\/caroccitan.fr\/web\/#\/schema\/logo\/image\/\",\"url\":\"https:\/\/caroccitan.fr\/web\/wp-content\/uploads\/2018\/02\/historique1.jpg\",\"contentUrl\":\"https:\/\/caroccitan.fr\/web\/wp-content\/uploads\/2018\/02\/historique1.jpg\",\"width\":150,\"height\":152,\"caption\":\"CAR OCCITAN\"},\"image\":{\"@id\":\"https:\/\/caroccitan.fr\/web\/#\/schema\/logo\/image\/\"}},{\"@type\":\"Person\",\"@id\":\"https:\/\/caroccitan.fr\/web\/#\/schema\/person\/9a3947fd70a8a7740c3df7edc32dc06b\",\"name\":\"CAR OCCITAN\",\"image\":{\"@type\":\"ImageObject\",\"inLanguage\":\"fr-FR\",\"@id\":\"https:\/\/caroccitan.fr\/web\/#\/schema\/person\/image\/\",\"url\":\"https:\/\/secure.gravatar.com\/avatar\/616184dd57d687535309195fb9407c5f?s=96&d=mm&r=g\",\"contentUrl\":\"https:\/\/secure.gravatar.com\/avatar\/616184dd57d687535309195fb9407c5f?s=96&d=mm&r=g\",\"caption\":\"CAR OCCITAN\"}}]}<\/script>\n<!-- \/ Yoast SEO plugin. -->","yoast_head_json":{"title":"Samedi 2 et Dimanche 3 Mai 2026 C.A.R Occitan Lisle sur Tarn","description":"SORTIE DE PRINTEMPS, les 2 & 3 mai :Comme c'est de coutume depuis quelques ann\u00e9es, cette sortie se divisera en deux temps: Le Samedi 2 mai en","robots":{"index":"index","follow":"follow","max-snippet":"max-snippet:-1","max-image-preview":"max-image-preview:large","max-video-preview":"max-video-preview:-1"},"canonical":"https:\/\/caroccitan.fr\/web\/samedi-2-mai-sortie-de-printemps\/","og_locale":"fr_FR","og_type":"article","og_title":"Samedi 2 et Dimanche 3 Mai 2026 C.A.R Occitan Lisle sur Tarn","og_description":"SORTIE DE PRINTEMPS, les 2 & 3 mai :Comme c'est de coutume depuis quelques ann\u00e9es, cette sortie se divisera en deux temps: Le Samedi 2 mai en","og_url":"https:\/\/caroccitan.fr\/web\/samedi-2-mai-sortie-de-printemps\/","og_site_name":"C.A.R Occitan","article_published_time":"2026-01-22T10:34:35+00:00","article_modified_time":"2026-01-22T10:39:02+00:00","og_image":[{"width":1024,"height":683,"url":"https:\/\/caroccitan.fr\/web\/wp-content\/uploads\/2024\/04\/1024px-Falaises_dOlques.jpg","type":"image\/jpeg"}],"author":"CAR OCCITAN","twitter_card":"summary_large_image","twitter_misc":{"\u00c9crit par":"CAR OCCITAN","Dur\u00e9e de lecture estim\u00e9e":"3 minutes"},"schema":{"@context":"https:\/\/schema.org","@graph":[{"@type":"Article","@id":"https:\/\/caroccitan.fr\/web\/samedi-2-mai-sortie-de-printemps\/#article","isPartOf":{"@id":"https:\/\/caroccitan.fr\/web\/samedi-2-mai-sortie-de-printemps\/"},"author":{"name":"CAR OCCITAN","@id":"https:\/\/caroccitan.fr\/web\/#\/schema\/person\/9a3947fd70a8a7740c3df7edc32dc06b"},"headline":"Samedi 2 et Dimanche 3 Mai 2026","datePublished":"2026-01-22T10:34:35+00:00","dateModified":"2026-01-22T10:39:02+00:00","mainEntityOfPage":{"@id":"https:\/\/caroccitan.fr\/web\/samedi-2-mai-sortie-de-printemps\/"},"wordCount":454,"publisher":{"@id":"https:\/\/caroccitan.fr\/web\/#organization"},"articleSection":["Actualit\u00e9s"],"inLanguage":"fr-FR"},{"@type":"WebPage","@id":"https:\/\/caroccitan.fr\/web\/samedi-2-mai-sortie-de-printemps\/","url":"https:\/\/caroccitan.fr\/web\/samedi-2-mai-sortie-de-printemps\/","name":"Samedi 2 et Dimanche 3 Mai 2026 C.A.R Occitan Lisle sur Tarn","isPartOf":{"@id":"https:\/\/caroccitan.fr\/web\/#website"},"datePublished":"2026-01-22T10:34:35+00:00","dateModified":"2026-01-22T10:39:02+00:00","description":"SORTIE DE PRINTEMPS, les 2 & 3 mai :Comme c'est de coutume depuis quelques ann\u00e9es, cette sortie se divisera en deux temps: Le Samedi 2 mai en","breadcrumb":{"@id":"https:\/\/caroccitan.fr\/web\/samedi-2-mai-sortie-de-printemps\/#breadcrumb"},"inLanguage":"fr-FR","potentialAction":[{"@type":"ReadAction","target":["https:\/\/caroccitan.fr\/web\/samedi-2-mai-sortie-de-printemps\/"]}]},{"@type":"BreadcrumbList","@id":"https:\/\/caroccitan.fr\/web\/samedi-2-mai-sortie-de-printemps\/#breadcrumb","itemListElement":[{"@type":"ListItem","position":1,"name":"Accueil","item":"https:\/\/caroccitan.fr\/web\/"},{"@type":"ListItem","position":2,"name":"Samedi 2 et Dimanche 3 Mai 2026"}]},{"@type":"WebSite","@id":"https:\/\/caroccitan.fr\/web\/#website","url":"https:\/\/caroccitan.fr\/web\/","name":"C.A.R Occitan","description":"Club des  Amateurs d&#039;Anciennes Renault","publisher":{"@id":"https:\/\/caroccitan.fr\/web\/#organization"},"potentialAction":[{"@type":"SearchAction","target":{"@type":"EntryPoint","urlTemplate":"https:\/\/caroccitan.fr\/web\/?s={search_term_string}"},"query-input":"required name=search_term_string"}],"inLanguage":"fr-FR"},{"@type":"Organization","@id":"https:\/\/caroccitan.fr\/web\/#organization","name":"CAR OCCITAN","url":"https:\/\/caroccitan.fr\/web\/","logo":{"@type":"ImageObject","inLanguage":"fr-FR","@id":"https:\/\/caroccitan.fr\/web\/#\/schema\/logo\/image\/","url":"https:\/\/caroccitan.fr\/web\/wp-content\/uploads\/2018\/02\/historique1.jpg","contentUrl":"https:\/\/caroccitan.fr\/web\/wp-content\/uploads\/2018\/02\/historique1.jpg","width":150,"height":152,"caption":"CAR OCCITAN"},"image":{"@id":"https:\/\/caroccitan.fr\/web\/#\/schema\/logo\/image\/"}},{"@type":"Person","@id":"https:\/\/caroccitan.fr\/web\/#\/schema\/person\/9a3947fd70a8a7740c3df7edc32dc06b","name":"CAR OCCITAN","image":{"@type":"ImageObject","inLanguage":"fr-FR","@id":"https:\/\/caroccitan.fr\/web\/#\/schema\/person\/image\/","url":"https:\/\/secure.gravatar.com\/avatar\/616184dd57d687535309195fb9407c5f?s=96&d=mm&r=g","contentUrl":"https:\/\/secure.gravatar.com\/avatar\/616184dd57d687535309195fb9407c5f?s=96&d=mm&r=g","caption":"CAR OCCITAN"}}]}},"_links":{"self":[{"href":"https:\/\/caroccitan.fr\/web\/wp-json\/wp\/v2\/posts\/2764"}],"collection":[{"href":"https:\/\/caroccitan.fr\/web\/wp-json\/wp\/v2\/posts"}],"about":[{"href":"https:\/\/caroccitan.fr\/web\/wp-json\/wp\/v2\/types\/post"}],"author":[{"embeddable":true,"href":"https:\/\/caroccitan.fr\/web\/wp-json\/wp\/v2\/users\/2"}],"replies":[{"embeddable":true,"href":"https:\/\/caroccitan.fr\/web\/wp-json\/wp\/v2\/comments?post=2764"}],"version-history":[{"count":7,"href":"https:\/\/caroccitan.fr\/web\/wp-json\/wp\/v2\/posts\/2764\/revisions"}],"predecessor-version":[{"id":3819,"href":"https:\/\/caroccitan.fr\/web\/wp-json\/wp\/v2\/posts\/2764\/revisions\/3819"}],"wp:featuredmedia":[{"embeddable":true,"href":"https:\/\/caroccitan.fr\/web\/wp-json\/wp\/v2\/media\/3519"}],"wp:attachment":[{"href":"https:\/\/caroccitan.fr\/web\/wp-json\/wp\/v2\/media?parent=2764"}],"wp:term":[{"taxonomy":"category","embeddable":true,"href":"https:\/\/caroccitan.fr\/web\/wp-json\/wp\/v2\/categories?post=2764"},{"taxonomy":"post_tag","embeddable":true,"href":"https:\/\/caroccitan.fr\/web\/wp-json\/wp\/v2\/tags?post=2764"}],"curies":[{"name":"wp","href":"https:\/\/api.w.org\/{rel}","templated":true}]}}