{"id":2577,"date":"2023-06-06T09:53:22","date_gmt":"2023-06-06T07:53:22","guid":{"rendered":"https:\/\/caroccitan.fr\/web\/?p=2577"},"modified":"2024-03-07T07:58:15","modified_gmt":"2024-03-07T06:58:15","slug":"telecartes-du-c-a-r-occitan","status":"publish","type":"post","link":"https:\/\/caroccitan.fr\/web\/telecartes-du-c-a-r-occitan\/","title":{"rendered":"T\u00e9l\u00e9cartes du C.A.R Occitan"},"content":{"rendered":"<div class=\"vc_separator wpb_content_element vc_separator_align_center vc_sep_width_100 vc_sep_pos_align_center vc_sep_color_grey vc_separator-has-text\">\n<h2>T\u00e9l\u00e9cartes du C.A.R Occitan \u00e9dit\u00e9es par le Club \u00e0 l\u2019occasion des rassemblements d\u2019anciennes Renault de <a href=\"http:\/\/www.ville-lisle-sur-tarn.fr\/\" target=\"_blank\" rel=\"noopener noreferrer\">Lisle sur Tarn.<\/a><\/h2>\n<h2>Tirages personnalis\u00e9s par le Club Anciennes Renault OCCITAN avec logo de la ville de Lisle sur tarn.<\/h2>\n<\/div>\n<div class=\"wpb_text_column wpb_content_element \">\n<div class=\"wpb_wrapper\">\n<h2>Carte T\u00e9l\u00e9phonique de 50 unit\u00e9s<\/h2>\n<h2>prix: 15\u20ac\u00a0 pi\u00e8ce\u00a0 port compris<\/h2>\n<p><strong>contact<\/strong>:<br \/>\n<a href=\"mailto:petitesannonces@caroccitan.fr\">\u00a0petitesannonces@caroccitan.fr<\/a><\/p>\n<p style=\"text-align: center;\"><a href=\"https:\/\/caroccitan.fr\/web\/wp-content\/uploads\/2019\/08\/telecartes96-2.jpg\" target=\"_blank\" rel=\"noopener noreferrer\"><img loading=\"lazy\" decoding=\"async\" class=\"alignnone wp-image-2569\" src=\"https:\/\/caroccitan.fr\/web\/wp-content\/uploads\/2019\/08\/telecartes96-2-300x240.jpg\" sizes=\"(max-width: 211px) 100vw, 211px\" srcset=\"https:\/\/caroccitan.fr\/web\/wp-content\/uploads\/2019\/08\/telecartes96-2-300x240.jpg 300w, https:\/\/caroccitan.fr\/web\/wp-content\/uploads\/2019\/08\/telecartes96-2-768x615.jpg 768w, https:\/\/caroccitan.fr\/web\/wp-content\/uploads\/2019\/08\/telecartes96-2-1024x819.jpg 1024w, https:\/\/caroccitan.fr\/web\/wp-content\/uploads\/2019\/08\/telecartes96-2-604x483.jpg 604w, https:\/\/caroccitan.fr\/web\/wp-content\/uploads\/2019\/08\/telecartes96-2-326x261.jpg 326w, https:\/\/caroccitan.fr\/web\/wp-content\/uploads\/2019\/08\/telecartes96-2-364x291.jpg 364w, https:\/\/caroccitan.fr\/web\/wp-content\/uploads\/2019\/08\/telecartes96-2.jpg 1456w\" alt=\"T\u00e9l\u00e9cartes neuves du C.A.R Occitan\" width=\"211\" height=\"169\" \/> <\/a><a href=\"https:\/\/caroccitan.fr\/web\/wp-content\/uploads\/2018\/03\/tlc-1.jpg\" target=\"_blank\" rel=\"noopener noreferrer\"><img loading=\"lazy\" decoding=\"async\" class=\"alignnone wp-image-1793\" src=\"https:\/\/caroccitan.fr\/web\/wp-content\/uploads\/2018\/03\/tlc-1-300x240.jpg\" sizes=\"(max-width: 209px) 100vw, 209px\" srcset=\"https:\/\/caroccitan.fr\/web\/wp-content\/uploads\/2018\/03\/tlc-1-300x240.jpg 300w, https:\/\/caroccitan.fr\/web\/wp-content\/uploads\/2018\/03\/tlc-1-768x615.jpg 768w, https:\/\/caroccitan.fr\/web\/wp-content\/uploads\/2018\/03\/tlc-1-1024x819.jpg 1024w, https:\/\/caroccitan.fr\/web\/wp-content\/uploads\/2018\/03\/tlc-1-604x483.jpg 604w, https:\/\/caroccitan.fr\/web\/wp-content\/uploads\/2018\/03\/tlc-1-326x261.jpg 326w, https:\/\/caroccitan.fr\/web\/wp-content\/uploads\/2018\/03\/tlc-1-364x291.jpg 364w, https:\/\/caroccitan.fr\/web\/wp-content\/uploads\/2018\/03\/tlc-1.jpg 1456w\" alt=\"T\u00e9l\u00e9cartes neuves du C.A.R Occitan\" width=\"209\" height=\"167\" \/><\/a><\/p>\n<\/div>\n<\/div>\n","protected":false},"excerpt":{"rendered":"<p>T\u00e9l\u00e9cartes du C.A.R Occitan \u00e9dit\u00e9es par le Club \u00e0 l\u2019occasion des rassemblements d\u2019anciennes Renault de Lisle sur Tarn. Tirages personnalis\u00e9s par le Club Anciennes Renault OCCITAN avec logo de la ville de Lisle sur tarn. Carte T\u00e9l\u00e9phonique de 50 unit\u00e9s prix: 15\u20ac\u00a0 pi\u00e8ce\u00a0 port compris contact: \u00a0petitesannonces@caroccitan.fr<\/p>\n","protected":false},"author":2,"featured_media":2569,"comment_status":"closed","ping_status":"closed","sticky":false,"template":"","format":"standard","meta":{"footnotes":""},"categories":[32],"tags":[],"yoast_head":"<!-- This site is optimized with the Yoast SEO plugin v20.4 - https:\/\/yoast.com\/wordpress\/plugins\/seo\/ -->\n<title>T\u00e9l\u00e9cartes du C.A.R Occitan - C.A.R Occitan 81310 Lisle<\/title>\n<meta name=\"description\" content=\"T\u00e9l\u00e9cartes \u00e9dit\u00e9es par le C.A.R occitan \u00e0 l\u2019occasion des rassemblements d\u2019anciennes Renault de Lisle sur Tarn.\u00a0Tirages personnalis\u00e9s\" \/>\n<meta name=\"robots\" content=\"index, follow, max-snippet:-1, max-image-preview:large, max-video-preview:-1\" \/>\n<link rel=\"canonical\" href=\"https:\/\/caroccitan.fr\/web\/telecartes-du-c-a-r-occitan\/\" \/>\n<meta property=\"og:locale\" content=\"fr_FR\" \/>\n<meta property=\"og:type\" content=\"article\" \/>\n<meta property=\"og:title\" content=\"T\u00e9l\u00e9cartes du C.A.R Occitan - C.A.R Occitan 81310 Lisle\" \/>\n<meta property=\"og:description\" content=\"T\u00e9l\u00e9cartes \u00e9dit\u00e9es par le C.A.R occitan \u00e0 l\u2019occasion des rassemblements d\u2019anciennes Renault de Lisle sur Tarn.\u00a0Tirages personnalis\u00e9s\" \/>\n<meta property=\"og:url\" content=\"https:\/\/caroccitan.fr\/web\/telecartes-du-c-a-r-occitan\/\" \/>\n<meta property=\"og:site_name\" content=\"C.A.R Occitan\" \/>\n<meta property=\"article:published_time\" content=\"2023-06-06T07:53:22+00:00\" \/>\n<meta property=\"article:modified_time\" content=\"2024-03-07T06:58:15+00:00\" \/>\n<meta property=\"og:image\" content=\"https:\/\/caroccitan.fr\/web\/wp-content\/uploads\/2019\/08\/telecartes96-2-e1565166937713.jpg\" \/>\n\t<meta property=\"og:image:width\" content=\"429\" \/>\n\t<meta property=\"og:image:height\" content=\"313\" \/>\n\t<meta property=\"og:image:type\" content=\"image\/jpeg\" \/>\n<meta name=\"author\" content=\"CAR OCCITAN\" \/>\n<meta name=\"twitter:card\" content=\"summary_large_image\" \/>\n<meta name=\"twitter:label1\" content=\"\u00c9crit par\" \/>\n\t<meta name=\"twitter:data1\" content=\"CAR OCCITAN\" \/>\n\t<meta name=\"twitter:label2\" content=\"Dur\u00e9e de lecture estim\u00e9e\" \/>\n\t<meta name=\"twitter:data2\" content=\"1 minute\" \/>\n<script type=\"application\/ld+json\" class=\"yoast-schema-graph\">{\"@context\":\"https:\/\/schema.org\",\"@graph\":[{\"@type\":\"Article\",\"@id\":\"https:\/\/caroccitan.fr\/web\/telecartes-du-c-a-r-occitan\/#article\",\"isPartOf\":{\"@id\":\"https:\/\/caroccitan.fr\/web\/telecartes-du-c-a-r-occitan\/\"},\"author\":{\"name\":\"CAR OCCITAN\",\"@id\":\"https:\/\/caroccitan.fr\/web\/#\/schema\/person\/9a3947fd70a8a7740c3df7edc32dc06b\"},\"headline\":\"T\u00e9l\u00e9cartes du C.A.R Occitan\",\"datePublished\":\"2023-06-06T07:53:22+00:00\",\"dateModified\":\"2024-03-07T06:58:15+00:00\",\"mainEntityOfPage\":{\"@id\":\"https:\/\/caroccitan.fr\/web\/telecartes-du-c-a-r-occitan\/\"},\"wordCount\":66,\"publisher\":{\"@id\":\"https:\/\/caroccitan.fr\/web\/#organization\"},\"articleSection\":[\"Boutique du club\"],\"inLanguage\":\"fr-FR\"},{\"@type\":\"WebPage\",\"@id\":\"https:\/\/caroccitan.fr\/web\/telecartes-du-c-a-r-occitan\/\",\"url\":\"https:\/\/caroccitan.fr\/web\/telecartes-du-c-a-r-occitan\/\",\"name\":\"T\u00e9l\u00e9cartes du C.A.R Occitan - C.A.R Occitan 81310 Lisle\",\"isPartOf\":{\"@id\":\"https:\/\/caroccitan.fr\/web\/#website\"},\"datePublished\":\"2023-06-06T07:53:22+00:00\",\"dateModified\":\"2024-03-07T06:58:15+00:00\",\"description\":\"T\u00e9l\u00e9cartes \u00e9dit\u00e9es par le C.A.R occitan \u00e0 l\u2019occasion des rassemblements d\u2019anciennes Renault de Lisle sur Tarn.\u00a0Tirages personnalis\u00e9s\",\"breadcrumb\":{\"@id\":\"https:\/\/caroccitan.fr\/web\/telecartes-du-c-a-r-occitan\/#breadcrumb\"},\"inLanguage\":\"fr-FR\",\"potentialAction\":[{\"@type\":\"ReadAction\",\"target\":[\"https:\/\/caroccitan.fr\/web\/telecartes-du-c-a-r-occitan\/\"]}]},{\"@type\":\"BreadcrumbList\",\"@id\":\"https:\/\/caroccitan.fr\/web\/telecartes-du-c-a-r-occitan\/#breadcrumb\",\"itemListElement\":[{\"@type\":\"ListItem\",\"position\":1,\"name\":\"Accueil\",\"item\":\"https:\/\/caroccitan.fr\/web\/\"},{\"@type\":\"ListItem\",\"position\":2,\"name\":\"T\u00e9l\u00e9cartes du C.A.R Occitan\"}]},{\"@type\":\"WebSite\",\"@id\":\"https:\/\/caroccitan.fr\/web\/#website\",\"url\":\"https:\/\/caroccitan.fr\/web\/\",\"name\":\"C.A.R Occitan\",\"description\":\"Club des  Amateurs d&#039;Anciennes Renault\",\"publisher\":{\"@id\":\"https:\/\/caroccitan.fr\/web\/#organization\"},\"potentialAction\":[{\"@type\":\"SearchAction\",\"target\":{\"@type\":\"EntryPoint\",\"urlTemplate\":\"https:\/\/caroccitan.fr\/web\/?s={search_term_string}\"},\"query-input\":\"required name=search_term_string\"}],\"inLanguage\":\"fr-FR\"},{\"@type\":\"Organization\",\"@id\":\"https:\/\/caroccitan.fr\/web\/#organization\",\"name\":\"CAR OCCITAN\",\"url\":\"https:\/\/caroccitan.fr\/web\/\",\"logo\":{\"@type\":\"ImageObject\",\"inLanguage\":\"fr-FR\",\"@id\":\"https:\/\/caroccitan.fr\/web\/#\/schema\/logo\/image\/\",\"url\":\"https:\/\/caroccitan.fr\/web\/wp-content\/uploads\/2018\/02\/historique1.jpg\",\"contentUrl\":\"https:\/\/caroccitan.fr\/web\/wp-content\/uploads\/2018\/02\/historique1.jpg\",\"width\":150,\"height\":152,\"caption\":\"CAR OCCITAN\"},\"image\":{\"@id\":\"https:\/\/caroccitan.fr\/web\/#\/schema\/logo\/image\/\"}},{\"@type\":\"Person\",\"@id\":\"https:\/\/caroccitan.fr\/web\/#\/schema\/person\/9a3947fd70a8a7740c3df7edc32dc06b\",\"name\":\"CAR OCCITAN\",\"image\":{\"@type\":\"ImageObject\",\"inLanguage\":\"fr-FR\",\"@id\":\"https:\/\/caroccitan.fr\/web\/#\/schema\/person\/image\/\",\"url\":\"https:\/\/secure.gravatar.com\/avatar\/616184dd57d687535309195fb9407c5f?s=96&d=mm&r=g\",\"contentUrl\":\"https:\/\/secure.gravatar.com\/avatar\/616184dd57d687535309195fb9407c5f?s=96&d=mm&r=g\",\"caption\":\"CAR OCCITAN\"}}]}<\/script>\n<!-- \/ Yoast SEO plugin. -->","yoast_head_json":{"title":"T\u00e9l\u00e9cartes du C.A.R Occitan - C.A.R Occitan 81310 Lisle","description":"T\u00e9l\u00e9cartes \u00e9dit\u00e9es par le C.A.R occitan \u00e0 l\u2019occasion des rassemblements d\u2019anciennes Renault de Lisle sur Tarn.\u00a0Tirages personnalis\u00e9s","robots":{"index":"index","follow":"follow","max-snippet":"max-snippet:-1","max-image-preview":"max-image-preview:large","max-video-preview":"max-video-preview:-1"},"canonical":"https:\/\/caroccitan.fr\/web\/telecartes-du-c-a-r-occitan\/","og_locale":"fr_FR","og_type":"article","og_title":"T\u00e9l\u00e9cartes du C.A.R Occitan - C.A.R Occitan 81310 Lisle","og_description":"T\u00e9l\u00e9cartes \u00e9dit\u00e9es par le C.A.R occitan \u00e0 l\u2019occasion des rassemblements d\u2019anciennes Renault de Lisle sur Tarn.\u00a0Tirages personnalis\u00e9s","og_url":"https:\/\/caroccitan.fr\/web\/telecartes-du-c-a-r-occitan\/","og_site_name":"C.A.R Occitan","article_published_time":"2023-06-06T07:53:22+00:00","article_modified_time":"2024-03-07T06:58:15+00:00","og_image":[{"width":429,"height":313,"url":"https:\/\/caroccitan.fr\/web\/wp-content\/uploads\/2019\/08\/telecartes96-2-e1565166937713.jpg","type":"image\/jpeg"}],"author":"CAR OCCITAN","twitter_card":"summary_large_image","twitter_misc":{"\u00c9crit par":"CAR OCCITAN","Dur\u00e9e de lecture estim\u00e9e":"1 minute"},"schema":{"@context":"https:\/\/schema.org","@graph":[{"@type":"Article","@id":"https:\/\/caroccitan.fr\/web\/telecartes-du-c-a-r-occitan\/#article","isPartOf":{"@id":"https:\/\/caroccitan.fr\/web\/telecartes-du-c-a-r-occitan\/"},"author":{"name":"CAR OCCITAN","@id":"https:\/\/caroccitan.fr\/web\/#\/schema\/person\/9a3947fd70a8a7740c3df7edc32dc06b"},"headline":"T\u00e9l\u00e9cartes du C.A.R Occitan","datePublished":"2023-06-06T07:53:22+00:00","dateModified":"2024-03-07T06:58:15+00:00","mainEntityOfPage":{"@id":"https:\/\/caroccitan.fr\/web\/telecartes-du-c-a-r-occitan\/"},"wordCount":66,"publisher":{"@id":"https:\/\/caroccitan.fr\/web\/#organization"},"articleSection":["Boutique du club"],"inLanguage":"fr-FR"},{"@type":"WebPage","@id":"https:\/\/caroccitan.fr\/web\/telecartes-du-c-a-r-occitan\/","url":"https:\/\/caroccitan.fr\/web\/telecartes-du-c-a-r-occitan\/","name":"T\u00e9l\u00e9cartes du C.A.R Occitan - C.A.R Occitan 81310 Lisle","isPartOf":{"@id":"https:\/\/caroccitan.fr\/web\/#website"},"datePublished":"2023-06-06T07:53:22+00:00","dateModified":"2024-03-07T06:58:15+00:00","description":"T\u00e9l\u00e9cartes \u00e9dit\u00e9es par le C.A.R occitan \u00e0 l\u2019occasion des rassemblements d\u2019anciennes Renault de Lisle sur Tarn.\u00a0Tirages personnalis\u00e9s","breadcrumb":{"@id":"https:\/\/caroccitan.fr\/web\/telecartes-du-c-a-r-occitan\/#breadcrumb"},"inLanguage":"fr-FR","potentialAction":[{"@type":"ReadAction","target":["https:\/\/caroccitan.fr\/web\/telecartes-du-c-a-r-occitan\/"]}]},{"@type":"BreadcrumbList","@id":"https:\/\/caroccitan.fr\/web\/telecartes-du-c-a-r-occitan\/#breadcrumb","itemListElement":[{"@type":"ListItem","position":1,"name":"Accueil","item":"https:\/\/caroccitan.fr\/web\/"},{"@type":"ListItem","position":2,"name":"T\u00e9l\u00e9cartes du C.A.R Occitan"}]},{"@type":"WebSite","@id":"https:\/\/caroccitan.fr\/web\/#website","url":"https:\/\/caroccitan.fr\/web\/","name":"C.A.R Occitan","description":"Club des  Amateurs d&#039;Anciennes Renault","publisher":{"@id":"https:\/\/caroccitan.fr\/web\/#organization"},"potentialAction":[{"@type":"SearchAction","target":{"@type":"EntryPoint","urlTemplate":"https:\/\/caroccitan.fr\/web\/?s={search_term_string}"},"query-input":"required name=search_term_string"}],"inLanguage":"fr-FR"},{"@type":"Organization","@id":"https:\/\/caroccitan.fr\/web\/#organization","name":"CAR OCCITAN","url":"https:\/\/caroccitan.fr\/web\/","logo":{"@type":"ImageObject","inLanguage":"fr-FR","@id":"https:\/\/caroccitan.fr\/web\/#\/schema\/logo\/image\/","url":"https:\/\/caroccitan.fr\/web\/wp-content\/uploads\/2018\/02\/historique1.jpg","contentUrl":"https:\/\/caroccitan.fr\/web\/wp-content\/uploads\/2018\/02\/historique1.jpg","width":150,"height":152,"caption":"CAR OCCITAN"},"image":{"@id":"https:\/\/caroccitan.fr\/web\/#\/schema\/logo\/image\/"}},{"@type":"Person","@id":"https:\/\/caroccitan.fr\/web\/#\/schema\/person\/9a3947fd70a8a7740c3df7edc32dc06b","name":"CAR OCCITAN","image":{"@type":"ImageObject","inLanguage":"fr-FR","@id":"https:\/\/caroccitan.fr\/web\/#\/schema\/person\/image\/","url":"https:\/\/secure.gravatar.com\/avatar\/616184dd57d687535309195fb9407c5f?s=96&d=mm&r=g","contentUrl":"https:\/\/secure.gravatar.com\/avatar\/616184dd57d687535309195fb9407c5f?s=96&d=mm&r=g","caption":"CAR OCCITAN"}}]}},"_links":{"self":[{"href":"https:\/\/caroccitan.fr\/web\/wp-json\/wp\/v2\/posts\/2577"}],"collection":[{"href":"https:\/\/caroccitan.fr\/web\/wp-json\/wp\/v2\/posts"}],"about":[{"href":"https:\/\/caroccitan.fr\/web\/wp-json\/wp\/v2\/types\/post"}],"author":[{"embeddable":true,"href":"https:\/\/caroccitan.fr\/web\/wp-json\/wp\/v2\/users\/2"}],"replies":[{"embeddable":true,"href":"https:\/\/caroccitan.fr\/web\/wp-json\/wp\/v2\/comments?post=2577"}],"version-history":[{"count":11,"href":"https:\/\/caroccitan.fr\/web\/wp-json\/wp\/v2\/posts\/2577\/revisions"}],"predecessor-version":[{"id":2605,"href":"https:\/\/caroccitan.fr\/web\/wp-json\/wp\/v2\/posts\/2577\/revisions\/2605"}],"wp:featuredmedia":[{"embeddable":true,"href":"https:\/\/caroccitan.fr\/web\/wp-json\/wp\/v2\/media\/2569"}],"wp:attachment":[{"href":"https:\/\/caroccitan.fr\/web\/wp-json\/wp\/v2\/media?parent=2577"}],"wp:term":[{"taxonomy":"category","embeddable":true,"href":"https:\/\/caroccitan.fr\/web\/wp-json\/wp\/v2\/categories?post=2577"},{"taxonomy":"post_tag","embeddable":true,"href":"https:\/\/caroccitan.fr\/web\/wp-json\/wp\/v2\/tags?post=2577"}],"curies":[{"name":"wp","href":"https:\/\/api.w.org\/{rel}","templated":true}]}}